{"id":4520,"date":"2026-01-09T15:05:39","date_gmt":"2026-01-09T14:05:39","guid":{"rendered":"https:\/\/www.aira.es\/no-category\/aira-reorganises-his-directive-to-approach-more-to-his-partners\/"},"modified":"2026-01-09T15:05:39","modified_gmt":"2026-01-09T14:05:39","slug":"aira-reorganises-his-directive-to-approach-more-to-his-partners","status":"publish","type":"post","link":"https:\/\/www.aira.es\/en\/press\/aira-reorganises-his-directive-to-approach-more-to-his-partners\/","title":{"rendered":"AIRA reorganises his directive to approach more to his partners"},"content":{"rendered":"<h4 style=\"text-align: left;\"><strong>The directors of area of production, Jes\u00fas Bardel\u00e1s, and of the financial department of the Cooperative, Javier Barandela, assume jointly the direction of the entity after the exit of C\u00e1ndido Cancelo<\/strong><\/h4>\n<p>&nbsp;<\/p>\n<h4 style=\"text-align: left;\"><strong>The Council Rector of AIRA bets by this change for reinforcing the values of the cooperativismo and strengthen the Committee of direction of the entity<\/strong><\/h4>\n<p>&nbsp;<\/p>\n<p style=\"text-align: left;\"><strong>The cooperative AIRA announced today the implantation of a model of conjoint direction after the exit of his general director, C\u00e1ndido Cancel. From this moment, Jes\u00fas Bardel\u00e1s, director of the area of production, and Javier Barandela, manager of the financial department, will assume of way shared the direction of the entity.<\/strong> <\/p>\n<p>&nbsp;<\/p>\n<p style=\"text-align: left;\">This decision answers to the will of the Council Rector to reinforce the managerial structure of the Cooperative, betting by a more next leadership to the people partners and by a greater internal coordination between the distinct strategic areas. The new model pretends also strengthen the paper of the Committee of Direction and favour a taking of decisions more agile. <\/p>\n<p>&nbsp;<\/p>\n<p style=\"text-align: left;\">So much Jes\u00fas Bardel\u00e1s like Javier Barandela have a wide professional path inside the Cooperative and a deep knowledge of his operation, what guarantees the continuity of the business project and of the values that define to AIRA.<\/p>\n<p> &nbsp;<\/p>\n<p>From the Council Rector appreciated also the work developed by C\u00e1ndido Cancel during the last year at the head of the General Direction of the cooperative, responsibility that had assumed after the retirement of Daniel Ferreiro, standing out his contribution to the development and to the consolidation of the project of AIRA in this stage.<br \/>\n&nbsp;<\/p>\n<p style=\"text-align: left;\">&#8220;The Cooperative initiates a new phase oriented to consolidate his cooperative model and to reinforce the vicinity with the people partners&#8221;, it signalled Jos\u00e9 Ram\u00f3n Mouse, president of AIRA. &#8220;So much Jes\u00fas Bardel\u00e1s like Javier Barandela have a long professional path linked to AIRA and to the cooperatives of origin of this. Both know in depth the values, the form to work and the needs of the sector. His experience, commitment and knowledge of the organisation are a guarantee of continuity, stability and future for the entity&#8221;, it values the president of AIRA. <\/p>\n<p style=\"text-align: left;\">\n&nbsp;<br \/>\nWith this new stage, AIRA reaffirms his commitment with his 3.000 partners and partners, with the continuous improvement of the management and with the strengthening of his cooperative model.<\/p>\n","protected":false},"excerpt":{"rendered":"<p>The directors of area of production, Jes\u00fas Bardel\u00e1s, and of the financial department of the Cooperative, Javier Barandela, assume jointly [&hellip;]<\/p>\n","protected":false},"author":5,"featured_media":4519,"comment_status":"open","ping_status":"open","sticky":false,"template":"","format":"standard","meta":{"site-sidebar-layout":"default","site-content-layout":"","ast-site-content-layout":"default","site-content-style":"default","site-sidebar-style":"default","ast-global-header-display":"","ast-banner-title-visibility":"","ast-main-header-display":"","ast-hfb-above-header-display":"","ast-hfb-below-header-display":"","ast-hfb-mobile-header-display":"","site-post-title":"","ast-breadcrumbs-content":"","ast-featured-img":"","footer-sml-layout":"","theme-transparent-header-meta":"default","adv-header-id-meta":"","stick-header-meta":"","header-above-stick-meta":"","header-main-stick-meta":"","header-below-stick-meta":"","astra-migrate-meta-layouts":"default","ast-page-background-enabled":"default","ast-page-background-meta":{"desktop":{"background-color":"var(--ast-global-color-5)","background-image":"","background-repeat":"repeat","background-position":"center center","background-size":"auto","background-attachment":"scroll","background-type":"","background-media":"","overlay-type":"","overlay-color":"","overlay-opacity":"","overlay-gradient":""},"tablet":{"background-color":"","background-image":"","background-repeat":"repeat","background-position":"center center","background-size":"auto","background-attachment":"scroll","background-type":"","background-media":"","overlay-type":"","overlay-color":"","overlay-opacity":"","overlay-gradient":""},"mobile":{"background-color":"","background-image":"","background-repeat":"repeat","background-position":"center center","background-size":"auto","background-attachment":"scroll","background-type":"","background-media":"","overlay-type":"","overlay-color":"","overlay-opacity":"","overlay-gradient":""}},"ast-content-background-meta":{"desktop":{"background-color":"var(--ast-global-color-4)","background-image":"","background-repeat":"repeat","background-position":"center center","background-size":"auto","background-attachment":"scroll","background-type":"","background-media":"","overlay-type":"","overlay-color":"","overlay-opacity":"","overlay-gradient":""},"tablet":{"background-color":"var(--ast-global-color-4)","background-image":"","background-repeat":"repeat","background-position":"center center","background-size":"auto","background-attachment":"scroll","background-type":"","background-media":"","overlay-type":"","overlay-color":"","overlay-opacity":"","overlay-gradient":""},"mobile":{"background-color":"var(--ast-global-color-4)","background-image":"","background-repeat":"repeat","background-position":"center center","background-size":"auto","background-attachment":"scroll","background-type":"","background-media":"","overlay-type":"","overlay-color":"","overlay-opacity":"","overlay-gradient":""}},"footnotes":""},"categories":[46],"tags":[],"class_list":["post-4520","post","type-post","status-publish","format-standard","has-post-thumbnail","hentry","category-press"],"yoast_head":"<!-- This site is optimized with the Yoast SEO plugin v27.1.1 - https:\/\/yoast.com\/product\/yoast-seo-wordpress\/ -->\n<title>AIRA reorganises his directive to approach more to his partners - Aira<\/title>\n<meta name=\"robots\" content=\"index, follow, max-snippet:-1, max-image-preview:large, max-video-preview:-1\" \/>\n<link rel=\"canonical\" href=\"https:\/\/www.aira.es\/en\/press\/aira-reorganises-his-directive-to-approach-more-to-his-partners\/\" \/>\n<meta property=\"og:locale\" content=\"en_US\" \/>\n<meta property=\"og:type\" content=\"article\" \/>\n<meta property=\"og:title\" content=\"AIRA reorganises his directive to approach more to his partners - Aira\" \/>\n<meta property=\"og:description\" content=\"The directors of area of production, Jes\u00fas Bardel\u00e1s, and of the financial department of the Cooperative, Javier Barandela, assume jointly [&hellip;]\" \/>\n<meta property=\"og:url\" content=\"https:\/\/www.aira.es\/en\/press\/aira-reorganises-his-directive-to-approach-more-to-his-partners\/\" \/>\n<meta property=\"og:site_name\" content=\"Aira\" \/>\n<meta property=\"article:published_time\" content=\"2026-01-09T14:05:39+00:00\" \/>\n<meta property=\"og:image\" content=\"https:\/\/www.aira.es\/wp-content\/uploads\/2026\/01\/Foto-Aira-scaled.jpg\" \/>\n\t<meta property=\"og:image:width\" content=\"2560\" \/>\n\t<meta property=\"og:image:height\" content=\"1540\" \/>\n\t<meta property=\"og:image:type\" content=\"image\/jpeg\" \/>\n<meta name=\"author\" content=\"Laura\" \/>\n<meta name=\"twitter:card\" content=\"summary_large_image\" \/>\n<meta name=\"twitter:label1\" content=\"Written by\" \/>\n\t<meta name=\"twitter:data1\" content=\"Laura\" \/>\n\t<meta name=\"twitter:label2\" content=\"Est. reading time\" \/>\n\t<meta name=\"twitter:data2\" content=\"2 minutes\" \/>\n<script type=\"application\/ld+json\" class=\"yoast-schema-graph\">{\"@context\":\"https:\/\/schema.org\",\"@graph\":[{\"@type\":\"Article\",\"@id\":\"https:\/\/www.aira.es\/en\/press\/aira-reorganises-his-directive-to-approach-more-to-his-partners\/#article\",\"isPartOf\":{\"@id\":\"https:\/\/www.aira.es\/en\/press\/aira-reorganises-his-directive-to-approach-more-to-his-partners\/\"},\"author\":{\"name\":\"Laura\",\"@id\":\"https:\/\/www.aira.es\/en\/#\/schema\/person\/95612f8a501072279f5a706c7f69e05c\"},\"headline\":\"AIRA reorganises his directive to approach more to his partners\",\"datePublished\":\"2026-01-09T14:05:39+00:00\",\"mainEntityOfPage\":{\"@id\":\"https:\/\/www.aira.es\/en\/press\/aira-reorganises-his-directive-to-approach-more-to-his-partners\/\"},\"wordCount\":410,\"commentCount\":0,\"publisher\":{\"@id\":\"https:\/\/www.aira.es\/en\/#organization\"},\"image\":{\"@id\":\"https:\/\/www.aira.es\/en\/press\/aira-reorganises-his-directive-to-approach-more-to-his-partners\/#primaryimage\"},\"thumbnailUrl\":\"https:\/\/www.aira.es\/wp-content\/uploads\/2026\/01\/Foto-Aira-scaled.jpg\",\"articleSection\":[\"Press\"],\"inLanguage\":\"en-US\",\"potentialAction\":[{\"@type\":\"CommentAction\",\"name\":\"Comment\",\"target\":[\"https:\/\/www.aira.es\/en\/press\/aira-reorganises-his-directive-to-approach-more-to-his-partners\/#respond\"]}]},{\"@type\":\"WebPage\",\"@id\":\"https:\/\/www.aira.es\/en\/press\/aira-reorganises-his-directive-to-approach-more-to-his-partners\/\",\"url\":\"https:\/\/www.aira.es\/en\/press\/aira-reorganises-his-directive-to-approach-more-to-his-partners\/\",\"name\":\"AIRA reorganises his directive to approach more to his partners - Aira\",\"isPartOf\":{\"@id\":\"https:\/\/www.aira.es\/en\/#website\"},\"primaryImageOfPage\":{\"@id\":\"https:\/\/www.aira.es\/en\/press\/aira-reorganises-his-directive-to-approach-more-to-his-partners\/#primaryimage\"},\"image\":{\"@id\":\"https:\/\/www.aira.es\/en\/press\/aira-reorganises-his-directive-to-approach-more-to-his-partners\/#primaryimage\"},\"thumbnailUrl\":\"https:\/\/www.aira.es\/wp-content\/uploads\/2026\/01\/Foto-Aira-scaled.jpg\",\"datePublished\":\"2026-01-09T14:05:39+00:00\",\"breadcrumb\":{\"@id\":\"https:\/\/www.aira.es\/en\/press\/aira-reorganises-his-directive-to-approach-more-to-his-partners\/#breadcrumb\"},\"inLanguage\":\"en-US\",\"potentialAction\":[{\"@type\":\"ReadAction\",\"target\":[\"https:\/\/www.aira.es\/en\/press\/aira-reorganises-his-directive-to-approach-more-to-his-partners\/\"]}]},{\"@type\":\"ImageObject\",\"inLanguage\":\"en-US\",\"@id\":\"https:\/\/www.aira.es\/en\/press\/aira-reorganises-his-directive-to-approach-more-to-his-partners\/#primaryimage\",\"url\":\"https:\/\/www.aira.es\/wp-content\/uploads\/2026\/01\/Foto-Aira-scaled.jpg\",\"contentUrl\":\"https:\/\/www.aira.es\/wp-content\/uploads\/2026\/01\/Foto-Aira-scaled.jpg\",\"width\":2560,\"height\":1540},{\"@type\":\"BreadcrumbList\",\"@id\":\"https:\/\/www.aira.es\/en\/press\/aira-reorganises-his-directive-to-approach-more-to-his-partners\/#breadcrumb\",\"itemListElement\":[{\"@type\":\"ListItem\",\"position\":1,\"name\":\"Portada\",\"item\":\"https:\/\/www.aira.es\/en\/\"},{\"@type\":\"ListItem\",\"position\":2,\"name\":\"AIRA reorganises his directive to approach more to his partners\"}]},{\"@type\":\"WebSite\",\"@id\":\"https:\/\/www.aira.es\/en\/#website\",\"url\":\"https:\/\/www.aira.es\/en\/\",\"name\":\"Aira\",\"description\":\"AIRA es el resultado de un proceso de integraci\u00f3n cooperativa iniciado en 2018, que supuso la fusi\u00f3n en una \u00fanica entidad jur\u00eddica de las cooperativas AGRIS, ICOS, COGASAR, COELPLAN y AIRA.\",\"publisher\":{\"@id\":\"https:\/\/www.aira.es\/en\/#organization\"},\"potentialAction\":[{\"@type\":\"SearchAction\",\"target\":{\"@type\":\"EntryPoint\",\"urlTemplate\":\"https:\/\/www.aira.es\/en\/?s={search_term_string}\"},\"query-input\":{\"@type\":\"PropertyValueSpecification\",\"valueRequired\":true,\"valueName\":\"search_term_string\"}}],\"inLanguage\":\"en-US\"},{\"@type\":\"Organization\",\"@id\":\"https:\/\/www.aira.es\/en\/#organization\",\"name\":\"Aira\",\"url\":\"https:\/\/www.aira.es\/en\/\",\"logo\":{\"@type\":\"ImageObject\",\"inLanguage\":\"en-US\",\"@id\":\"https:\/\/www.aira.es\/en\/#\/schema\/logo\/image\/\",\"url\":\"https:\/\/www.aira.es\/wp-content\/uploads\/2025\/05\/logotipo-aira.svg\",\"contentUrl\":\"https:\/\/www.aira.es\/wp-content\/uploads\/2025\/05\/logotipo-aira.svg\",\"caption\":\"Aira\"},\"image\":{\"@id\":\"https:\/\/www.aira.es\/en\/#\/schema\/logo\/image\/\"}},{\"@type\":\"Person\",\"@id\":\"https:\/\/www.aira.es\/en\/#\/schema\/person\/95612f8a501072279f5a706c7f69e05c\",\"name\":\"Laura\",\"image\":{\"@type\":\"ImageObject\",\"inLanguage\":\"en-US\",\"@id\":\"https:\/\/www.aira.es\/en\/#\/schema\/person\/image\/\",\"url\":\"https:\/\/secure.gravatar.com\/avatar\/a739e1b433ee127e4cb8cceb7ec433efbd9e2381fcfa4572500380bf50242c3e?s=96&d=mm&r=g\",\"contentUrl\":\"https:\/\/secure.gravatar.com\/avatar\/a739e1b433ee127e4cb8cceb7ec433efbd9e2381fcfa4572500380bf50242c3e?s=96&d=mm&r=g\",\"caption\":\"Laura\"},\"url\":\"https:\/\/www.aira.es\/en\/author\/comunicacion-aira\/\"}]}<\/script>\n<!-- \/ Yoast SEO plugin. -->","yoast_head_json":{"title":"AIRA reorganises his directive to approach more to his partners - Aira","robots":{"index":"index","follow":"follow","max-snippet":"max-snippet:-1","max-image-preview":"max-image-preview:large","max-video-preview":"max-video-preview:-1"},"canonical":"https:\/\/www.aira.es\/en\/press\/aira-reorganises-his-directive-to-approach-more-to-his-partners\/","og_locale":"en_US","og_type":"article","og_title":"AIRA reorganises his directive to approach more to his partners - Aira","og_description":"The directors of area of production, Jes\u00fas Bardel\u00e1s, and of the financial department of the Cooperative, Javier Barandela, assume jointly [&hellip;]","og_url":"https:\/\/www.aira.es\/en\/press\/aira-reorganises-his-directive-to-approach-more-to-his-partners\/","og_site_name":"Aira","article_published_time":"2026-01-09T14:05:39+00:00","og_image":[{"width":2560,"height":1540,"url":"https:\/\/www.aira.es\/wp-content\/uploads\/2026\/01\/Foto-Aira-scaled.jpg","type":"image\/jpeg"}],"author":"Laura","twitter_card":"summary_large_image","twitter_misc":{"Written by":"Laura","Est. reading time":"2 minutes"},"schema":{"@context":"https:\/\/schema.org","@graph":[{"@type":"Article","@id":"https:\/\/www.aira.es\/en\/press\/aira-reorganises-his-directive-to-approach-more-to-his-partners\/#article","isPartOf":{"@id":"https:\/\/www.aira.es\/en\/press\/aira-reorganises-his-directive-to-approach-more-to-his-partners\/"},"author":{"name":"Laura","@id":"https:\/\/www.aira.es\/en\/#\/schema\/person\/95612f8a501072279f5a706c7f69e05c"},"headline":"AIRA reorganises his directive to approach more to his partners","datePublished":"2026-01-09T14:05:39+00:00","mainEntityOfPage":{"@id":"https:\/\/www.aira.es\/en\/press\/aira-reorganises-his-directive-to-approach-more-to-his-partners\/"},"wordCount":410,"commentCount":0,"publisher":{"@id":"https:\/\/www.aira.es\/en\/#organization"},"image":{"@id":"https:\/\/www.aira.es\/en\/press\/aira-reorganises-his-directive-to-approach-more-to-his-partners\/#primaryimage"},"thumbnailUrl":"https:\/\/www.aira.es\/wp-content\/uploads\/2026\/01\/Foto-Aira-scaled.jpg","articleSection":["Press"],"inLanguage":"en-US","potentialAction":[{"@type":"CommentAction","name":"Comment","target":["https:\/\/www.aira.es\/en\/press\/aira-reorganises-his-directive-to-approach-more-to-his-partners\/#respond"]}]},{"@type":"WebPage","@id":"https:\/\/www.aira.es\/en\/press\/aira-reorganises-his-directive-to-approach-more-to-his-partners\/","url":"https:\/\/www.aira.es\/en\/press\/aira-reorganises-his-directive-to-approach-more-to-his-partners\/","name":"AIRA reorganises his directive to approach more to his partners - Aira","isPartOf":{"@id":"https:\/\/www.aira.es\/en\/#website"},"primaryImageOfPage":{"@id":"https:\/\/www.aira.es\/en\/press\/aira-reorganises-his-directive-to-approach-more-to-his-partners\/#primaryimage"},"image":{"@id":"https:\/\/www.aira.es\/en\/press\/aira-reorganises-his-directive-to-approach-more-to-his-partners\/#primaryimage"},"thumbnailUrl":"https:\/\/www.aira.es\/wp-content\/uploads\/2026\/01\/Foto-Aira-scaled.jpg","datePublished":"2026-01-09T14:05:39+00:00","breadcrumb":{"@id":"https:\/\/www.aira.es\/en\/press\/aira-reorganises-his-directive-to-approach-more-to-his-partners\/#breadcrumb"},"inLanguage":"en-US","potentialAction":[{"@type":"ReadAction","target":["https:\/\/www.aira.es\/en\/press\/aira-reorganises-his-directive-to-approach-more-to-his-partners\/"]}]},{"@type":"ImageObject","inLanguage":"en-US","@id":"https:\/\/www.aira.es\/en\/press\/aira-reorganises-his-directive-to-approach-more-to-his-partners\/#primaryimage","url":"https:\/\/www.aira.es\/wp-content\/uploads\/2026\/01\/Foto-Aira-scaled.jpg","contentUrl":"https:\/\/www.aira.es\/wp-content\/uploads\/2026\/01\/Foto-Aira-scaled.jpg","width":2560,"height":1540},{"@type":"BreadcrumbList","@id":"https:\/\/www.aira.es\/en\/press\/aira-reorganises-his-directive-to-approach-more-to-his-partners\/#breadcrumb","itemListElement":[{"@type":"ListItem","position":1,"name":"Portada","item":"https:\/\/www.aira.es\/en\/"},{"@type":"ListItem","position":2,"name":"AIRA reorganises his directive to approach more to his partners"}]},{"@type":"WebSite","@id":"https:\/\/www.aira.es\/en\/#website","url":"https:\/\/www.aira.es\/en\/","name":"Aira","description":"AIRA es el resultado de un proceso de integraci\u00f3n cooperativa iniciado en 2018, que supuso la fusi\u00f3n en una \u00fanica entidad jur\u00eddica de las cooperativas AGRIS, ICOS, COGASAR, COELPLAN y AIRA.","publisher":{"@id":"https:\/\/www.aira.es\/en\/#organization"},"potentialAction":[{"@type":"SearchAction","target":{"@type":"EntryPoint","urlTemplate":"https:\/\/www.aira.es\/en\/?s={search_term_string}"},"query-input":{"@type":"PropertyValueSpecification","valueRequired":true,"valueName":"search_term_string"}}],"inLanguage":"en-US"},{"@type":"Organization","@id":"https:\/\/www.aira.es\/en\/#organization","name":"Aira","url":"https:\/\/www.aira.es\/en\/","logo":{"@type":"ImageObject","inLanguage":"en-US","@id":"https:\/\/www.aira.es\/en\/#\/schema\/logo\/image\/","url":"https:\/\/www.aira.es\/wp-content\/uploads\/2025\/05\/logotipo-aira.svg","contentUrl":"https:\/\/www.aira.es\/wp-content\/uploads\/2025\/05\/logotipo-aira.svg","caption":"Aira"},"image":{"@id":"https:\/\/www.aira.es\/en\/#\/schema\/logo\/image\/"}},{"@type":"Person","@id":"https:\/\/www.aira.es\/en\/#\/schema\/person\/95612f8a501072279f5a706c7f69e05c","name":"Laura","image":{"@type":"ImageObject","inLanguage":"en-US","@id":"https:\/\/www.aira.es\/en\/#\/schema\/person\/image\/","url":"https:\/\/secure.gravatar.com\/avatar\/a739e1b433ee127e4cb8cceb7ec433efbd9e2381fcfa4572500380bf50242c3e?s=96&d=mm&r=g","contentUrl":"https:\/\/secure.gravatar.com\/avatar\/a739e1b433ee127e4cb8cceb7ec433efbd9e2381fcfa4572500380bf50242c3e?s=96&d=mm&r=g","caption":"Laura"},"url":"https:\/\/www.aira.es\/en\/author\/comunicacion-aira\/"}]}},"_links":{"self":[{"href":"https:\/\/www.aira.es\/en\/wp-json\/wp\/v2\/posts\/4520","targetHints":{"allow":["GET"]}}],"collection":[{"href":"https:\/\/www.aira.es\/en\/wp-json\/wp\/v2\/posts"}],"about":[{"href":"https:\/\/www.aira.es\/en\/wp-json\/wp\/v2\/types\/post"}],"author":[{"embeddable":true,"href":"https:\/\/www.aira.es\/en\/wp-json\/wp\/v2\/users\/5"}],"replies":[{"embeddable":true,"href":"https:\/\/www.aira.es\/en\/wp-json\/wp\/v2\/comments?post=4520"}],"version-history":[{"count":0,"href":"https:\/\/www.aira.es\/en\/wp-json\/wp\/v2\/posts\/4520\/revisions"}],"wp:featuredmedia":[{"embeddable":true,"href":"https:\/\/www.aira.es\/en\/wp-json\/wp\/v2\/media\/4519"}],"wp:attachment":[{"href":"https:\/\/www.aira.es\/en\/wp-json\/wp\/v2\/media?parent=4520"}],"wp:term":[{"taxonomy":"category","embeddable":true,"href":"https:\/\/www.aira.es\/en\/wp-json\/wp\/v2\/categories?post=4520"},{"taxonomy":"post_tag","embeddable":true,"href":"https:\/\/www.aira.es\/en\/wp-json\/wp\/v2\/tags?post=4520"}],"curies":[{"name":"wp","href":"https:\/\/api.w.org\/{rel}","templated":true}]}}