{"id":4317,"date":"2025-12-02T15:41:52","date_gmt":"2025-12-02T14:41:52","guid":{"rendered":"https:\/\/www.aira.es\/no-category\/aira-celebrates-a-historic-gold-for-its-pambre-cheese\/"},"modified":"2026-01-29T10:19:48","modified_gmt":"2026-01-29T09:19:48","slug":"aira-celebrates-a-historic-gold-for-its-pambre-cheese","status":"publish","type":"post","link":"https:\/\/www.aira.es\/en\/no-category\/aira-celebrates-a-historic-gold-for-its-pambre-cheese\/","title":{"rendered":"AIRA celebrates a historic gold for its Pambre cheese"},"content":{"rendered":"<h4 style=\"text-align: left;\"><strong>Pambre cheese, made by Queixos de Galicia, becomes one of the best in the world at the World Cheese Awards 2025-26<\/strong><\/h4>\n<p>AIRA has just achieved a new milestone with the award of the <strong>gold medal to Pambre cheese<\/strong> , an Arz\u00faa-Ulloa made in Queixos de Galicia, a company in which AIRA and GARC\u00cdA BAQUERO participate. The prestigious recognition of the <strong>World Cheese Awards 2025-26<\/strong> , one of the most relevant competitions in the international dairy sector, represents a decisive boost. <\/p>\n<p>This international award, one of the most relevant in the dairy sector, highlights not only the excellence of the product, but also the collaboration model that underpins the project. Queixos de Galicia combines Garc\u00eda Baquero&#8217;s industrial trajectory and capacity for innovation with the roots, professionalism and commitment to rural Galicia that characterize AIRA. <\/p>\n<p>For the Cooperative, this gold represents <strong>direct recognition of the daily work of the member farms<\/strong> , whose milk makes it possible to maintain a level of quality that is now endorsed worldwide. The award reflects the care taken in every step of the process: from responsible production on the farms to processing at the Palas de Rei plant. <\/p>\n<p><em>\u201cThe distinction for Pambre cheese consolidates AIRA&#8217;s strategy in favor of quality, innovation and sustainable development of the rural area, as well as the commitment to placing Galician products in the most demanding markets and competitions,\u201d<\/em> the Cooperative points out.<\/p>\n<p>AIRA extends its congratulations to the entire <strong>Queixos de Galicia<\/strong> team, to <strong>L\u00e1cteas Garc\u00eda Baquero<\/strong> and, very especially, to the <strong>farming families that are members of the cooperative<\/strong> .<\/p>\n<h4><strong>A decisive year for Queixos de Galicia<\/strong><\/h4>\n<p>This recognition comes at a particularly symbolic moment: it is one year since the creation of QUEIXOS DE GALICIA SL, the alliance between AIRA and GARC\u00cdA BAQUERO, which was born with the purpose of promoting quality Galician cheese. In just twelve months, the company has become a benchmark for its innovative capacity. <\/p>\n<p>In Queixos de Galicia, <strong>Pambre<\/strong> , awarded with this gold and belonging to the DO Arz\u00faa-Ulloa, is made, as well as <strong>Queixo Tetilla de Pambre<\/strong> and <strong>Arz\u00faa-Ulloa Tres Viajeros<\/strong> , expanding an offer that combines tradition, identity and excellence.<\/p>\n","protected":false},"excerpt":{"rendered":"<p>Pambre cheese, made by Queixos de Galicia, becomes one of the best in the world at the World Cheese Awards [&hellip;]<\/p>\n","protected":false},"author":5,"featured_media":4316,"comment_status":"open","ping_status":"open","sticky":false,"template":"","format":"standard","meta":{"site-sidebar-layout":"default","site-content-layout":"","ast-site-content-layout":"default","site-content-style":"default","site-sidebar-style":"default","ast-global-header-display":"","ast-banner-title-visibility":"","ast-main-header-display":"","ast-hfb-above-header-display":"","ast-hfb-below-header-display":"","ast-hfb-mobile-header-display":"","site-post-title":"","ast-breadcrumbs-content":"","ast-featured-img":"","footer-sml-layout":"","theme-transparent-header-meta":"default","adv-header-id-meta":"","stick-header-meta":"","header-above-stick-meta":"","header-main-stick-meta":"","header-below-stick-meta":"","astra-migrate-meta-layouts":"default","ast-page-background-enabled":"default","ast-page-background-meta":{"desktop":{"background-color":"var(--ast-global-color-5)","background-image":"","background-repeat":"repeat","background-position":"center center","background-size":"auto","background-attachment":"scroll","background-type":"","background-media":"","overlay-type":"","overlay-color":"","overlay-opacity":"","overlay-gradient":""},"tablet":{"background-color":"","background-image":"","background-repeat":"repeat","background-position":"center center","background-size":"auto","background-attachment":"scroll","background-type":"","background-media":"","overlay-type":"","overlay-color":"","overlay-opacity":"","overlay-gradient":""},"mobile":{"background-color":"","background-image":"","background-repeat":"repeat","background-position":"center center","background-size":"auto","background-attachment":"scroll","background-type":"","background-media":"","overlay-type":"","overlay-color":"","overlay-opacity":"","overlay-gradient":""}},"ast-content-background-meta":{"desktop":{"background-color":"var(--ast-global-color-4)","background-image":"","background-repeat":"repeat","background-position":"center center","background-size":"auto","background-attachment":"scroll","background-type":"","background-media":"","overlay-type":"","overlay-color":"","overlay-opacity":"","overlay-gradient":""},"tablet":{"background-color":"var(--ast-global-color-4)","background-image":"","background-repeat":"repeat","background-position":"center center","background-size":"auto","background-attachment":"scroll","background-type":"","background-media":"","overlay-type":"","overlay-color":"","overlay-opacity":"","overlay-gradient":""},"mobile":{"background-color":"var(--ast-global-color-4)","background-image":"","background-repeat":"repeat","background-position":"center center","background-size":"auto","background-attachment":"scroll","background-type":"","background-media":"","overlay-type":"","overlay-color":"","overlay-opacity":"","overlay-gradient":""}},"footnotes":""},"categories":[56],"tags":[],"class_list":["post-4317","post","type-post","status-publish","format-standard","has-post-thumbnail","hentry","category-no-category"],"yoast_head":"<!-- This site is optimized with the Yoast SEO plugin v27.1.1 - https:\/\/yoast.com\/product\/yoast-seo-wordpress\/ -->\n<title>AIRA celebrates a historic gold for its Pambre cheese - Aira<\/title>\n<meta name=\"robots\" content=\"index, follow, max-snippet:-1, max-image-preview:large, max-video-preview:-1\" \/>\n<link rel=\"canonical\" href=\"https:\/\/www.aira.es\/en\/no-category\/aira-celebrates-a-historic-gold-for-its-pambre-cheese\/\" \/>\n<meta property=\"og:locale\" content=\"en_US\" \/>\n<meta property=\"og:type\" content=\"article\" \/>\n<meta property=\"og:title\" content=\"AIRA celebrates a historic gold for its Pambre cheese - Aira\" \/>\n<meta property=\"og:description\" content=\"Pambre cheese, made by Queixos de Galicia, becomes one of the best in the world at the World Cheese Awards [&hellip;]\" \/>\n<meta property=\"og:url\" content=\"https:\/\/www.aira.es\/en\/no-category\/aira-celebrates-a-historic-gold-for-its-pambre-cheese\/\" \/>\n<meta property=\"og:site_name\" content=\"Aira\" \/>\n<meta property=\"article:published_time\" content=\"2025-12-02T14:41:52+00:00\" \/>\n<meta property=\"article:modified_time\" content=\"2026-01-29T09:19:48+00:00\" \/>\n<meta property=\"og:image\" content=\"https:\/\/www.aira.es\/wp-content\/uploads\/2025\/12\/Pambre--scaled.jpg\" \/>\n\t<meta property=\"og:image:width\" content=\"2560\" \/>\n\t<meta property=\"og:image:height\" content=\"2560\" \/>\n\t<meta property=\"og:image:type\" content=\"image\/jpeg\" \/>\n<meta name=\"author\" content=\"Laura\" \/>\n<meta name=\"twitter:card\" content=\"summary_large_image\" \/>\n<meta name=\"twitter:label1\" content=\"Written by\" \/>\n\t<meta name=\"twitter:data1\" content=\"Laura\" \/>\n\t<meta name=\"twitter:label2\" content=\"Est. reading time\" \/>\n\t<meta name=\"twitter:data2\" content=\"2 minutes\" \/>\n<script type=\"application\/ld+json\" class=\"yoast-schema-graph\">{\"@context\":\"https:\/\/schema.org\",\"@graph\":[{\"@type\":\"Article\",\"@id\":\"https:\/\/www.aira.es\/en\/no-category\/aira-celebrates-a-historic-gold-for-its-pambre-cheese\/#article\",\"isPartOf\":{\"@id\":\"https:\/\/www.aira.es\/en\/no-category\/aira-celebrates-a-historic-gold-for-its-pambre-cheese\/\"},\"author\":{\"name\":\"Laura\",\"@id\":\"https:\/\/www.aira.es\/en\/#\/schema\/person\/95612f8a501072279f5a706c7f69e05c\"},\"headline\":\"AIRA celebrates a historic gold for its Pambre cheese\",\"datePublished\":\"2025-12-02T14:41:52+00:00\",\"dateModified\":\"2026-01-29T09:19:48+00:00\",\"mainEntityOfPage\":{\"@id\":\"https:\/\/www.aira.es\/en\/no-category\/aira-celebrates-a-historic-gold-for-its-pambre-cheese\/\"},\"wordCount\":370,\"commentCount\":0,\"publisher\":{\"@id\":\"https:\/\/www.aira.es\/en\/#organization\"},\"image\":{\"@id\":\"https:\/\/www.aira.es\/en\/no-category\/aira-celebrates-a-historic-gold-for-its-pambre-cheese\/#primaryimage\"},\"thumbnailUrl\":\"https:\/\/www.aira.es\/wp-content\/uploads\/2025\/12\/Pambre--scaled.jpg\",\"articleSection\":[\"No category\"],\"inLanguage\":\"en-US\",\"potentialAction\":[{\"@type\":\"CommentAction\",\"name\":\"Comment\",\"target\":[\"https:\/\/www.aira.es\/en\/no-category\/aira-celebrates-a-historic-gold-for-its-pambre-cheese\/#respond\"]}]},{\"@type\":\"WebPage\",\"@id\":\"https:\/\/www.aira.es\/en\/no-category\/aira-celebrates-a-historic-gold-for-its-pambre-cheese\/\",\"url\":\"https:\/\/www.aira.es\/en\/no-category\/aira-celebrates-a-historic-gold-for-its-pambre-cheese\/\",\"name\":\"AIRA celebrates a historic gold for its Pambre cheese - Aira\",\"isPartOf\":{\"@id\":\"https:\/\/www.aira.es\/en\/#website\"},\"primaryImageOfPage\":{\"@id\":\"https:\/\/www.aira.es\/en\/no-category\/aira-celebrates-a-historic-gold-for-its-pambre-cheese\/#primaryimage\"},\"image\":{\"@id\":\"https:\/\/www.aira.es\/en\/no-category\/aira-celebrates-a-historic-gold-for-its-pambre-cheese\/#primaryimage\"},\"thumbnailUrl\":\"https:\/\/www.aira.es\/wp-content\/uploads\/2025\/12\/Pambre--scaled.jpg\",\"datePublished\":\"2025-12-02T14:41:52+00:00\",\"dateModified\":\"2026-01-29T09:19:48+00:00\",\"breadcrumb\":{\"@id\":\"https:\/\/www.aira.es\/en\/no-category\/aira-celebrates-a-historic-gold-for-its-pambre-cheese\/#breadcrumb\"},\"inLanguage\":\"en-US\",\"potentialAction\":[{\"@type\":\"ReadAction\",\"target\":[\"https:\/\/www.aira.es\/en\/no-category\/aira-celebrates-a-historic-gold-for-its-pambre-cheese\/\"]}]},{\"@type\":\"ImageObject\",\"inLanguage\":\"en-US\",\"@id\":\"https:\/\/www.aira.es\/en\/no-category\/aira-celebrates-a-historic-gold-for-its-pambre-cheese\/#primaryimage\",\"url\":\"https:\/\/www.aira.es\/wp-content\/uploads\/2025\/12\/Pambre--scaled.jpg\",\"contentUrl\":\"https:\/\/www.aira.es\/wp-content\/uploads\/2025\/12\/Pambre--scaled.jpg\",\"width\":2560,\"height\":2560},{\"@type\":\"BreadcrumbList\",\"@id\":\"https:\/\/www.aira.es\/en\/no-category\/aira-celebrates-a-historic-gold-for-its-pambre-cheese\/#breadcrumb\",\"itemListElement\":[{\"@type\":\"ListItem\",\"position\":1,\"name\":\"Portada\",\"item\":\"https:\/\/www.aira.es\/en\/\"},{\"@type\":\"ListItem\",\"position\":2,\"name\":\"AIRA celebrates a historic gold for its Pambre cheese\"}]},{\"@type\":\"WebSite\",\"@id\":\"https:\/\/www.aira.es\/en\/#website\",\"url\":\"https:\/\/www.aira.es\/en\/\",\"name\":\"Aira\",\"description\":\"AIRA es el resultado de un proceso de integraci\u00f3n cooperativa iniciado en 2018, que supuso la fusi\u00f3n en una \u00fanica entidad jur\u00eddica de las cooperativas AGRIS, ICOS, COGASAR, COELPLAN y AIRA.\",\"publisher\":{\"@id\":\"https:\/\/www.aira.es\/en\/#organization\"},\"potentialAction\":[{\"@type\":\"SearchAction\",\"target\":{\"@type\":\"EntryPoint\",\"urlTemplate\":\"https:\/\/www.aira.es\/en\/?s={search_term_string}\"},\"query-input\":{\"@type\":\"PropertyValueSpecification\",\"valueRequired\":true,\"valueName\":\"search_term_string\"}}],\"inLanguage\":\"en-US\"},{\"@type\":\"Organization\",\"@id\":\"https:\/\/www.aira.es\/en\/#organization\",\"name\":\"Aira\",\"url\":\"https:\/\/www.aira.es\/en\/\",\"logo\":{\"@type\":\"ImageObject\",\"inLanguage\":\"en-US\",\"@id\":\"https:\/\/www.aira.es\/en\/#\/schema\/logo\/image\/\",\"url\":\"https:\/\/www.aira.es\/wp-content\/uploads\/2025\/05\/logotipo-aira.svg\",\"contentUrl\":\"https:\/\/www.aira.es\/wp-content\/uploads\/2025\/05\/logotipo-aira.svg\",\"caption\":\"Aira\"},\"image\":{\"@id\":\"https:\/\/www.aira.es\/en\/#\/schema\/logo\/image\/\"}},{\"@type\":\"Person\",\"@id\":\"https:\/\/www.aira.es\/en\/#\/schema\/person\/95612f8a501072279f5a706c7f69e05c\",\"name\":\"Laura\",\"image\":{\"@type\":\"ImageObject\",\"inLanguage\":\"en-US\",\"@id\":\"https:\/\/www.aira.es\/en\/#\/schema\/person\/image\/\",\"url\":\"https:\/\/secure.gravatar.com\/avatar\/a739e1b433ee127e4cb8cceb7ec433efbd9e2381fcfa4572500380bf50242c3e?s=96&d=mm&r=g\",\"contentUrl\":\"https:\/\/secure.gravatar.com\/avatar\/a739e1b433ee127e4cb8cceb7ec433efbd9e2381fcfa4572500380bf50242c3e?s=96&d=mm&r=g\",\"caption\":\"Laura\"},\"url\":\"https:\/\/www.aira.es\/en\/author\/comunicacion-aira\/\"}]}<\/script>\n<!-- \/ Yoast SEO plugin. -->","yoast_head_json":{"title":"AIRA celebrates a historic gold for its Pambre cheese - Aira","robots":{"index":"index","follow":"follow","max-snippet":"max-snippet:-1","max-image-preview":"max-image-preview:large","max-video-preview":"max-video-preview:-1"},"canonical":"https:\/\/www.aira.es\/en\/no-category\/aira-celebrates-a-historic-gold-for-its-pambre-cheese\/","og_locale":"en_US","og_type":"article","og_title":"AIRA celebrates a historic gold for its Pambre cheese - Aira","og_description":"Pambre cheese, made by Queixos de Galicia, becomes one of the best in the world at the World Cheese Awards [&hellip;]","og_url":"https:\/\/www.aira.es\/en\/no-category\/aira-celebrates-a-historic-gold-for-its-pambre-cheese\/","og_site_name":"Aira","article_published_time":"2025-12-02T14:41:52+00:00","article_modified_time":"2026-01-29T09:19:48+00:00","og_image":[{"width":2560,"height":2560,"url":"https:\/\/www.aira.es\/wp-content\/uploads\/2025\/12\/Pambre--scaled.jpg","type":"image\/jpeg"}],"author":"Laura","twitter_card":"summary_large_image","twitter_misc":{"Written by":"Laura","Est. reading time":"2 minutes"},"schema":{"@context":"https:\/\/schema.org","@graph":[{"@type":"Article","@id":"https:\/\/www.aira.es\/en\/no-category\/aira-celebrates-a-historic-gold-for-its-pambre-cheese\/#article","isPartOf":{"@id":"https:\/\/www.aira.es\/en\/no-category\/aira-celebrates-a-historic-gold-for-its-pambre-cheese\/"},"author":{"name":"Laura","@id":"https:\/\/www.aira.es\/en\/#\/schema\/person\/95612f8a501072279f5a706c7f69e05c"},"headline":"AIRA celebrates a historic gold for its Pambre cheese","datePublished":"2025-12-02T14:41:52+00:00","dateModified":"2026-01-29T09:19:48+00:00","mainEntityOfPage":{"@id":"https:\/\/www.aira.es\/en\/no-category\/aira-celebrates-a-historic-gold-for-its-pambre-cheese\/"},"wordCount":370,"commentCount":0,"publisher":{"@id":"https:\/\/www.aira.es\/en\/#organization"},"image":{"@id":"https:\/\/www.aira.es\/en\/no-category\/aira-celebrates-a-historic-gold-for-its-pambre-cheese\/#primaryimage"},"thumbnailUrl":"https:\/\/www.aira.es\/wp-content\/uploads\/2025\/12\/Pambre--scaled.jpg","articleSection":["No category"],"inLanguage":"en-US","potentialAction":[{"@type":"CommentAction","name":"Comment","target":["https:\/\/www.aira.es\/en\/no-category\/aira-celebrates-a-historic-gold-for-its-pambre-cheese\/#respond"]}]},{"@type":"WebPage","@id":"https:\/\/www.aira.es\/en\/no-category\/aira-celebrates-a-historic-gold-for-its-pambre-cheese\/","url":"https:\/\/www.aira.es\/en\/no-category\/aira-celebrates-a-historic-gold-for-its-pambre-cheese\/","name":"AIRA celebrates a historic gold for its Pambre cheese - Aira","isPartOf":{"@id":"https:\/\/www.aira.es\/en\/#website"},"primaryImageOfPage":{"@id":"https:\/\/www.aira.es\/en\/no-category\/aira-celebrates-a-historic-gold-for-its-pambre-cheese\/#primaryimage"},"image":{"@id":"https:\/\/www.aira.es\/en\/no-category\/aira-celebrates-a-historic-gold-for-its-pambre-cheese\/#primaryimage"},"thumbnailUrl":"https:\/\/www.aira.es\/wp-content\/uploads\/2025\/12\/Pambre--scaled.jpg","datePublished":"2025-12-02T14:41:52+00:00","dateModified":"2026-01-29T09:19:48+00:00","breadcrumb":{"@id":"https:\/\/www.aira.es\/en\/no-category\/aira-celebrates-a-historic-gold-for-its-pambre-cheese\/#breadcrumb"},"inLanguage":"en-US","potentialAction":[{"@type":"ReadAction","target":["https:\/\/www.aira.es\/en\/no-category\/aira-celebrates-a-historic-gold-for-its-pambre-cheese\/"]}]},{"@type":"ImageObject","inLanguage":"en-US","@id":"https:\/\/www.aira.es\/en\/no-category\/aira-celebrates-a-historic-gold-for-its-pambre-cheese\/#primaryimage","url":"https:\/\/www.aira.es\/wp-content\/uploads\/2025\/12\/Pambre--scaled.jpg","contentUrl":"https:\/\/www.aira.es\/wp-content\/uploads\/2025\/12\/Pambre--scaled.jpg","width":2560,"height":2560},{"@type":"BreadcrumbList","@id":"https:\/\/www.aira.es\/en\/no-category\/aira-celebrates-a-historic-gold-for-its-pambre-cheese\/#breadcrumb","itemListElement":[{"@type":"ListItem","position":1,"name":"Portada","item":"https:\/\/www.aira.es\/en\/"},{"@type":"ListItem","position":2,"name":"AIRA celebrates a historic gold for its Pambre cheese"}]},{"@type":"WebSite","@id":"https:\/\/www.aira.es\/en\/#website","url":"https:\/\/www.aira.es\/en\/","name":"Aira","description":"AIRA es el resultado de un proceso de integraci\u00f3n cooperativa iniciado en 2018, que supuso la fusi\u00f3n en una \u00fanica entidad jur\u00eddica de las cooperativas AGRIS, ICOS, COGASAR, COELPLAN y AIRA.","publisher":{"@id":"https:\/\/www.aira.es\/en\/#organization"},"potentialAction":[{"@type":"SearchAction","target":{"@type":"EntryPoint","urlTemplate":"https:\/\/www.aira.es\/en\/?s={search_term_string}"},"query-input":{"@type":"PropertyValueSpecification","valueRequired":true,"valueName":"search_term_string"}}],"inLanguage":"en-US"},{"@type":"Organization","@id":"https:\/\/www.aira.es\/en\/#organization","name":"Aira","url":"https:\/\/www.aira.es\/en\/","logo":{"@type":"ImageObject","inLanguage":"en-US","@id":"https:\/\/www.aira.es\/en\/#\/schema\/logo\/image\/","url":"https:\/\/www.aira.es\/wp-content\/uploads\/2025\/05\/logotipo-aira.svg","contentUrl":"https:\/\/www.aira.es\/wp-content\/uploads\/2025\/05\/logotipo-aira.svg","caption":"Aira"},"image":{"@id":"https:\/\/www.aira.es\/en\/#\/schema\/logo\/image\/"}},{"@type":"Person","@id":"https:\/\/www.aira.es\/en\/#\/schema\/person\/95612f8a501072279f5a706c7f69e05c","name":"Laura","image":{"@type":"ImageObject","inLanguage":"en-US","@id":"https:\/\/www.aira.es\/en\/#\/schema\/person\/image\/","url":"https:\/\/secure.gravatar.com\/avatar\/a739e1b433ee127e4cb8cceb7ec433efbd9e2381fcfa4572500380bf50242c3e?s=96&d=mm&r=g","contentUrl":"https:\/\/secure.gravatar.com\/avatar\/a739e1b433ee127e4cb8cceb7ec433efbd9e2381fcfa4572500380bf50242c3e?s=96&d=mm&r=g","caption":"Laura"},"url":"https:\/\/www.aira.es\/en\/author\/comunicacion-aira\/"}]}},"_links":{"self":[{"href":"https:\/\/www.aira.es\/en\/wp-json\/wp\/v2\/posts\/4317","targetHints":{"allow":["GET"]}}],"collection":[{"href":"https:\/\/www.aira.es\/en\/wp-json\/wp\/v2\/posts"}],"about":[{"href":"https:\/\/www.aira.es\/en\/wp-json\/wp\/v2\/types\/post"}],"author":[{"embeddable":true,"href":"https:\/\/www.aira.es\/en\/wp-json\/wp\/v2\/users\/5"}],"replies":[{"embeddable":true,"href":"https:\/\/www.aira.es\/en\/wp-json\/wp\/v2\/comments?post=4317"}],"version-history":[{"count":0,"href":"https:\/\/www.aira.es\/en\/wp-json\/wp\/v2\/posts\/4317\/revisions"}],"wp:featuredmedia":[{"embeddable":true,"href":"https:\/\/www.aira.es\/en\/wp-json\/wp\/v2\/media\/4316"}],"wp:attachment":[{"href":"https:\/\/www.aira.es\/en\/wp-json\/wp\/v2\/media?parent=4317"}],"wp:term":[{"taxonomy":"category","embeddable":true,"href":"https:\/\/www.aira.es\/en\/wp-json\/wp\/v2\/categories?post=4317"},{"taxonomy":"post_tag","embeddable":true,"href":"https:\/\/www.aira.es\/en\/wp-json\/wp\/v2\/tags?post=4317"}],"curies":[{"name":"wp","href":"https:\/\/api.w.org\/{rel}","templated":true}]}}