{"id":3761,"date":"2024-12-19T09:04:59","date_gmt":"2024-12-19T08:04:59","guid":{"rendered":"https:\/\/www.aira.es\/no-category\/candido-cancelo-new-general-manager-of-aira-cooperative-after-the-retirement-of-daniel-ferreiro\/"},"modified":"2024-12-19T09:04:59","modified_gmt":"2024-12-19T08:04:59","slug":"candido-cancelo-new-general-manager-of-aira-cooperative-after-the-retirement-of-daniel-ferreiro","status":"publish","type":"post","link":"https:\/\/www.aira.es\/en\/press\/candido-cancelo-new-general-manager-of-aira-cooperative-after-the-retirement-of-daniel-ferreiro\/","title":{"rendered":"C\u00e1ndido Cancelo new general manager of AIRA Cooperative after the retirement of Daniel Ferreiro"},"content":{"rendered":"<h2>The change in the board of directors will be effective as of January 1. AIRA recognizes Ferreiro&#8217;s work over the years to coordinate the merger that gave rise to what is now the Cooperative and to promote outstanding projects of the same. <\/h2>\n<p>&nbsp;<\/p>\n<p>C\u00e1ndido Cancelo Cabanas will be the new general manager of AIRA as of January 1, 2025, after the retirement of Daniel Ferreiro Otero, who leaves AIRA after two decades linked to the Cooperative and a career focused on the promotion of cooperativism and the agri-food sector.<\/p>\n<p>C\u00e1ndido Cancelo comes to AIRA after an outstanding professional career both nationally and internationally. Cancelo has more than 20 years of experience in the management and development of strategic projects in global markets and in different sectors. &#8220;AIRA is a reference in the agri-food sector and I hope to contribute to continue making this Cooperative a driving force in the Galician countryside, while remaining close to the 3,000 members who are part of it&#8221;, says C\u00e1ndido Cancelo, new general manager of AIRA.  <\/p>\n<p>In these first months, Cancelo will count on the collaboration of his predecessor, since Daniel Ferreiro will continue to be linked to the Cooperative to facilitate this process of change in the Cooperative&#8217;s board of directors. &#8220;Having Daniel Ferreiro&#8217;s collaboration over the next few months will be useful for this transition to be carried out in an agile and orderly manner,&#8221; said C\u00e1ndido Cancelo. <\/p>\n<h3><strong>More than 20 years in the Cooperative<\/strong><\/h3>\n<p>AIRA is grateful for the dedication and involvement of Daniel Ferreiro to the Cooperative during more than 20 years of trajectory. His work and dedication were decisive in key moments of the history and the journey of the Cooperative to become what it is today. <\/p>\n<p>Ferreiro contributed to the understanding between the different cooperatives both for the creation of the Taboada feed mill, as well as in the integration that gave rise to AIRA in 2018. In addition, Ferreiro was key for some of AIRA&#8217;s outstanding projects to have become a reality, such as the dairy processing plant in Melide, the sustainable and exponential growth of the Cooperative itself or new lines of business such as the recent agreement with the firm Garc\u00eda Baquero for the manufacture of cheese in Galicia with milk from partner dairy farms. <\/p>\n<p>&#8220;Daniel Ferreiro has been the lighthouse that has guided us on the path of integration for the creation of AIRA and thanks to his work and tenacity have seen the light projects with which to achieve the valorization of the products of livestock farms and farms of AIRA members. We are deeply grateful for their dedication throughout all these years, always doing it in a close way and favoring understanding&#8221;, values Jos\u00e9 Manuel L\u00f3pez Tellado, president of AIRA.<\/p>\n<div class=\"ssba-classic-2 ssba ssbp-wrap aligncenter ssbp--theme-1\"><\/div>\n","protected":false},"excerpt":{"rendered":"<p>The change in the board of directors will be effective as of January 1. AIRA recognizes Ferreiro&#8217;s work over the [&hellip;]<\/p>\n","protected":false},"author":2,"featured_media":3763,"comment_status":"open","ping_status":"open","sticky":false,"template":"","format":"standard","meta":{"site-sidebar-layout":"default","site-content-layout":"","ast-site-content-layout":"default","site-content-style":"default","site-sidebar-style":"default","ast-global-header-display":"","ast-banner-title-visibility":"","ast-main-header-display":"","ast-hfb-above-header-display":"","ast-hfb-below-header-display":"","ast-hfb-mobile-header-display":"","site-post-title":"","ast-breadcrumbs-content":"","ast-featured-img":"","footer-sml-layout":"","theme-transparent-header-meta":"default","adv-header-id-meta":"","stick-header-meta":"","header-above-stick-meta":"","header-main-stick-meta":"","header-below-stick-meta":"","astra-migrate-meta-layouts":"default","ast-page-background-enabled":"default","ast-page-background-meta":{"desktop":{"background-color":"var(--ast-global-color-5)","background-image":"","background-repeat":"repeat","background-position":"center center","background-size":"auto","background-attachment":"scroll","background-type":"","background-media":"","overlay-type":"","overlay-color":"","overlay-opacity":"","overlay-gradient":""},"tablet":{"background-color":"","background-image":"","background-repeat":"repeat","background-position":"center center","background-size":"auto","background-attachment":"scroll","background-type":"","background-media":"","overlay-type":"","overlay-color":"","overlay-opacity":"","overlay-gradient":""},"mobile":{"background-color":"","background-image":"","background-repeat":"repeat","background-position":"center center","background-size":"auto","background-attachment":"scroll","background-type":"","background-media":"","overlay-type":"","overlay-color":"","overlay-opacity":"","overlay-gradient":""}},"ast-content-background-meta":{"desktop":{"background-color":"var(--ast-global-color-4)","background-image":"","background-repeat":"repeat","background-position":"center center","background-size":"auto","background-attachment":"scroll","background-type":"","background-media":"","overlay-type":"","overlay-color":"","overlay-opacity":"","overlay-gradient":""},"tablet":{"background-color":"var(--ast-global-color-4)","background-image":"","background-repeat":"repeat","background-position":"center center","background-size":"auto","background-attachment":"scroll","background-type":"","background-media":"","overlay-type":"","overlay-color":"","overlay-opacity":"","overlay-gradient":""},"mobile":{"background-color":"var(--ast-global-color-4)","background-image":"","background-repeat":"repeat","background-position":"center center","background-size":"auto","background-attachment":"scroll","background-type":"","background-media":"","overlay-type":"","overlay-color":"","overlay-opacity":"","overlay-gradient":""}},"footnotes":""},"categories":[46],"tags":[50],"class_list":["post-3761","post","type-post","status-publish","format-standard","has-post-thumbnail","hentry","category-press","tag-50"],"yoast_head":"<!-- This site is optimized with the Yoast SEO plugin v27.1.1 - https:\/\/yoast.com\/product\/yoast-seo-wordpress\/ -->\n<title>C\u00e1ndido Cancelo new general manager of AIRA Cooperative after the retirement of Daniel Ferreiro - Aira<\/title>\n<meta name=\"robots\" content=\"index, follow, max-snippet:-1, max-image-preview:large, max-video-preview:-1\" \/>\n<link rel=\"canonical\" href=\"https:\/\/www.aira.es\/en\/press\/candido-cancelo-new-general-manager-of-aira-cooperative-after-the-retirement-of-daniel-ferreiro\/\" \/>\n<meta property=\"og:locale\" content=\"en_US\" \/>\n<meta property=\"og:type\" content=\"article\" \/>\n<meta property=\"og:title\" content=\"C\u00e1ndido Cancelo new general manager of AIRA Cooperative after the retirement of Daniel Ferreiro - Aira\" \/>\n<meta property=\"og:description\" content=\"The change in the board of directors will be effective as of January 1. AIRA recognizes Ferreiro&#8217;s work over the [&hellip;]\" \/>\n<meta property=\"og:url\" content=\"https:\/\/www.aira.es\/en\/press\/candido-cancelo-new-general-manager-of-aira-cooperative-after-the-retirement-of-daniel-ferreiro\/\" \/>\n<meta property=\"og:site_name\" content=\"Aira\" \/>\n<meta property=\"article:published_time\" content=\"2024-12-19T08:04:59+00:00\" \/>\n<meta property=\"og:image\" content=\"https:\/\/www.aira.es\/wp-content\/uploads\/2025\/10\/Daniel-Ferreiro_Jose-Manuel-Lopez-Tellado_-Candido-Cancelo-Cabanas-scaled-1.jpg\" \/>\n\t<meta property=\"og:image:width\" content=\"2560\" \/>\n\t<meta property=\"og:image:height\" content=\"1862\" \/>\n\t<meta property=\"og:image:type\" content=\"image\/jpeg\" \/>\n<meta name=\"author\" content=\"BaobabMarketing\" \/>\n<meta name=\"twitter:card\" content=\"summary_large_image\" \/>\n<meta name=\"twitter:label1\" content=\"Written by\" \/>\n\t<meta name=\"twitter:data1\" content=\"BaobabMarketing\" \/>\n\t<meta name=\"twitter:label2\" content=\"Est. reading time\" \/>\n\t<meta name=\"twitter:data2\" content=\"2 minutes\" \/>\n<script type=\"application\/ld+json\" class=\"yoast-schema-graph\">{\"@context\":\"https:\/\/schema.org\",\"@graph\":[{\"@type\":\"Article\",\"@id\":\"https:\/\/www.aira.es\/en\/press\/candido-cancelo-new-general-manager-of-aira-cooperative-after-the-retirement-of-daniel-ferreiro\/#article\",\"isPartOf\":{\"@id\":\"https:\/\/www.aira.es\/en\/press\/candido-cancelo-new-general-manager-of-aira-cooperative-after-the-retirement-of-daniel-ferreiro\/\"},\"author\":{\"name\":\"BaobabMarketing\",\"@id\":\"https:\/\/www.aira.es\/en\/#\/schema\/person\/e29b515f84ee8e5c9fb7d3d7bdecf92c\"},\"headline\":\"C\u00e1ndido Cancelo new general manager of AIRA Cooperative after the retirement of Daniel Ferreiro\",\"datePublished\":\"2024-12-19T08:04:59+00:00\",\"mainEntityOfPage\":{\"@id\":\"https:\/\/www.aira.es\/en\/press\/candido-cancelo-new-general-manager-of-aira-cooperative-after-the-retirement-of-daniel-ferreiro\/\"},\"wordCount\":470,\"commentCount\":0,\"publisher\":{\"@id\":\"https:\/\/www.aira.es\/en\/#organization\"},\"image\":{\"@id\":\"https:\/\/www.aira.es\/en\/press\/candido-cancelo-new-general-manager-of-aira-cooperative-after-the-retirement-of-daniel-ferreiro\/#primaryimage\"},\"thumbnailUrl\":\"https:\/\/www.aira.es\/wp-content\/uploads\/2025\/10\/Daniel-Ferreiro_Jose-Manuel-Lopez-Tellado_-Candido-Cancelo-Cabanas-scaled-1.jpg\",\"keywords\":[\"2024\"],\"articleSection\":[\"Press\"],\"inLanguage\":\"en-US\",\"potentialAction\":[{\"@type\":\"CommentAction\",\"name\":\"Comment\",\"target\":[\"https:\/\/www.aira.es\/en\/press\/candido-cancelo-new-general-manager-of-aira-cooperative-after-the-retirement-of-daniel-ferreiro\/#respond\"]}]},{\"@type\":\"WebPage\",\"@id\":\"https:\/\/www.aira.es\/en\/press\/candido-cancelo-new-general-manager-of-aira-cooperative-after-the-retirement-of-daniel-ferreiro\/\",\"url\":\"https:\/\/www.aira.es\/en\/press\/candido-cancelo-new-general-manager-of-aira-cooperative-after-the-retirement-of-daniel-ferreiro\/\",\"name\":\"C\u00e1ndido Cancelo new general manager of AIRA Cooperative after the retirement of Daniel Ferreiro - Aira\",\"isPartOf\":{\"@id\":\"https:\/\/www.aira.es\/en\/#website\"},\"primaryImageOfPage\":{\"@id\":\"https:\/\/www.aira.es\/en\/press\/candido-cancelo-new-general-manager-of-aira-cooperative-after-the-retirement-of-daniel-ferreiro\/#primaryimage\"},\"image\":{\"@id\":\"https:\/\/www.aira.es\/en\/press\/candido-cancelo-new-general-manager-of-aira-cooperative-after-the-retirement-of-daniel-ferreiro\/#primaryimage\"},\"thumbnailUrl\":\"https:\/\/www.aira.es\/wp-content\/uploads\/2025\/10\/Daniel-Ferreiro_Jose-Manuel-Lopez-Tellado_-Candido-Cancelo-Cabanas-scaled-1.jpg\",\"datePublished\":\"2024-12-19T08:04:59+00:00\",\"breadcrumb\":{\"@id\":\"https:\/\/www.aira.es\/en\/press\/candido-cancelo-new-general-manager-of-aira-cooperative-after-the-retirement-of-daniel-ferreiro\/#breadcrumb\"},\"inLanguage\":\"en-US\",\"potentialAction\":[{\"@type\":\"ReadAction\",\"target\":[\"https:\/\/www.aira.es\/en\/press\/candido-cancelo-new-general-manager-of-aira-cooperative-after-the-retirement-of-daniel-ferreiro\/\"]}]},{\"@type\":\"ImageObject\",\"inLanguage\":\"en-US\",\"@id\":\"https:\/\/www.aira.es\/en\/press\/candido-cancelo-new-general-manager-of-aira-cooperative-after-the-retirement-of-daniel-ferreiro\/#primaryimage\",\"url\":\"https:\/\/www.aira.es\/wp-content\/uploads\/2025\/10\/Daniel-Ferreiro_Jose-Manuel-Lopez-Tellado_-Candido-Cancelo-Cabanas-scaled-1.jpg\",\"contentUrl\":\"https:\/\/www.aira.es\/wp-content\/uploads\/2025\/10\/Daniel-Ferreiro_Jose-Manuel-Lopez-Tellado_-Candido-Cancelo-Cabanas-scaled-1.jpg\",\"width\":2560,\"height\":1862},{\"@type\":\"BreadcrumbList\",\"@id\":\"https:\/\/www.aira.es\/en\/press\/candido-cancelo-new-general-manager-of-aira-cooperative-after-the-retirement-of-daniel-ferreiro\/#breadcrumb\",\"itemListElement\":[{\"@type\":\"ListItem\",\"position\":1,\"name\":\"Portada\",\"item\":\"https:\/\/www.aira.es\/en\/\"},{\"@type\":\"ListItem\",\"position\":2,\"name\":\"C\u00e1ndido Cancelo new general manager of AIRA Cooperative after the retirement of Daniel Ferreiro\"}]},{\"@type\":\"WebSite\",\"@id\":\"https:\/\/www.aira.es\/en\/#website\",\"url\":\"https:\/\/www.aira.es\/en\/\",\"name\":\"Aira\",\"description\":\"AIRA es el resultado de un proceso de integraci\u00f3n cooperativa iniciado en 2018, que supuso la fusi\u00f3n en una \u00fanica entidad jur\u00eddica de las cooperativas AGRIS, ICOS, COGASAR, COELPLAN y AIRA.\",\"publisher\":{\"@id\":\"https:\/\/www.aira.es\/en\/#organization\"},\"potentialAction\":[{\"@type\":\"SearchAction\",\"target\":{\"@type\":\"EntryPoint\",\"urlTemplate\":\"https:\/\/www.aira.es\/en\/?s={search_term_string}\"},\"query-input\":{\"@type\":\"PropertyValueSpecification\",\"valueRequired\":true,\"valueName\":\"search_term_string\"}}],\"inLanguage\":\"en-US\"},{\"@type\":\"Organization\",\"@id\":\"https:\/\/www.aira.es\/en\/#organization\",\"name\":\"Aira\",\"url\":\"https:\/\/www.aira.es\/en\/\",\"logo\":{\"@type\":\"ImageObject\",\"inLanguage\":\"en-US\",\"@id\":\"https:\/\/www.aira.es\/en\/#\/schema\/logo\/image\/\",\"url\":\"https:\/\/www.aira.es\/wp-content\/uploads\/2025\/05\/logotipo-aira.svg\",\"contentUrl\":\"https:\/\/www.aira.es\/wp-content\/uploads\/2025\/05\/logotipo-aira.svg\",\"caption\":\"Aira\"},\"image\":{\"@id\":\"https:\/\/www.aira.es\/en\/#\/schema\/logo\/image\/\"}},{\"@type\":\"Person\",\"@id\":\"https:\/\/www.aira.es\/en\/#\/schema\/person\/e29b515f84ee8e5c9fb7d3d7bdecf92c\",\"name\":\"BaobabMarketing\",\"image\":{\"@type\":\"ImageObject\",\"inLanguage\":\"en-US\",\"@id\":\"https:\/\/www.aira.es\/en\/#\/schema\/person\/image\/\",\"url\":\"https:\/\/secure.gravatar.com\/avatar\/c02ce49264c2979a0a73558bb8a02074ff88902391559748135d08a325661f2c?s=96&d=mm&r=g\",\"contentUrl\":\"https:\/\/secure.gravatar.com\/avatar\/c02ce49264c2979a0a73558bb8a02074ff88902391559748135d08a325661f2c?s=96&d=mm&r=g\",\"caption\":\"BaobabMarketing\"},\"url\":\"https:\/\/www.aira.es\/en\/author\/baobabmarketing\/\"}]}<\/script>\n<!-- \/ Yoast SEO plugin. -->","yoast_head_json":{"title":"C\u00e1ndido Cancelo new general manager of AIRA Cooperative after the retirement of Daniel Ferreiro - Aira","robots":{"index":"index","follow":"follow","max-snippet":"max-snippet:-1","max-image-preview":"max-image-preview:large","max-video-preview":"max-video-preview:-1"},"canonical":"https:\/\/www.aira.es\/en\/press\/candido-cancelo-new-general-manager-of-aira-cooperative-after-the-retirement-of-daniel-ferreiro\/","og_locale":"en_US","og_type":"article","og_title":"C\u00e1ndido Cancelo new general manager of AIRA Cooperative after the retirement of Daniel Ferreiro - Aira","og_description":"The change in the board of directors will be effective as of January 1. AIRA recognizes Ferreiro&#8217;s work over the [&hellip;]","og_url":"https:\/\/www.aira.es\/en\/press\/candido-cancelo-new-general-manager-of-aira-cooperative-after-the-retirement-of-daniel-ferreiro\/","og_site_name":"Aira","article_published_time":"2024-12-19T08:04:59+00:00","og_image":[{"width":2560,"height":1862,"url":"https:\/\/www.aira.es\/wp-content\/uploads\/2025\/10\/Daniel-Ferreiro_Jose-Manuel-Lopez-Tellado_-Candido-Cancelo-Cabanas-scaled-1.jpg","type":"image\/jpeg"}],"author":"BaobabMarketing","twitter_card":"summary_large_image","twitter_misc":{"Written by":"BaobabMarketing","Est. reading time":"2 minutes"},"schema":{"@context":"https:\/\/schema.org","@graph":[{"@type":"Article","@id":"https:\/\/www.aira.es\/en\/press\/candido-cancelo-new-general-manager-of-aira-cooperative-after-the-retirement-of-daniel-ferreiro\/#article","isPartOf":{"@id":"https:\/\/www.aira.es\/en\/press\/candido-cancelo-new-general-manager-of-aira-cooperative-after-the-retirement-of-daniel-ferreiro\/"},"author":{"name":"BaobabMarketing","@id":"https:\/\/www.aira.es\/en\/#\/schema\/person\/e29b515f84ee8e5c9fb7d3d7bdecf92c"},"headline":"C\u00e1ndido Cancelo new general manager of AIRA Cooperative after the retirement of Daniel Ferreiro","datePublished":"2024-12-19T08:04:59+00:00","mainEntityOfPage":{"@id":"https:\/\/www.aira.es\/en\/press\/candido-cancelo-new-general-manager-of-aira-cooperative-after-the-retirement-of-daniel-ferreiro\/"},"wordCount":470,"commentCount":0,"publisher":{"@id":"https:\/\/www.aira.es\/en\/#organization"},"image":{"@id":"https:\/\/www.aira.es\/en\/press\/candido-cancelo-new-general-manager-of-aira-cooperative-after-the-retirement-of-daniel-ferreiro\/#primaryimage"},"thumbnailUrl":"https:\/\/www.aira.es\/wp-content\/uploads\/2025\/10\/Daniel-Ferreiro_Jose-Manuel-Lopez-Tellado_-Candido-Cancelo-Cabanas-scaled-1.jpg","keywords":["2024"],"articleSection":["Press"],"inLanguage":"en-US","potentialAction":[{"@type":"CommentAction","name":"Comment","target":["https:\/\/www.aira.es\/en\/press\/candido-cancelo-new-general-manager-of-aira-cooperative-after-the-retirement-of-daniel-ferreiro\/#respond"]}]},{"@type":"WebPage","@id":"https:\/\/www.aira.es\/en\/press\/candido-cancelo-new-general-manager-of-aira-cooperative-after-the-retirement-of-daniel-ferreiro\/","url":"https:\/\/www.aira.es\/en\/press\/candido-cancelo-new-general-manager-of-aira-cooperative-after-the-retirement-of-daniel-ferreiro\/","name":"C\u00e1ndido Cancelo new general manager of AIRA Cooperative after the retirement of Daniel Ferreiro - Aira","isPartOf":{"@id":"https:\/\/www.aira.es\/en\/#website"},"primaryImageOfPage":{"@id":"https:\/\/www.aira.es\/en\/press\/candido-cancelo-new-general-manager-of-aira-cooperative-after-the-retirement-of-daniel-ferreiro\/#primaryimage"},"image":{"@id":"https:\/\/www.aira.es\/en\/press\/candido-cancelo-new-general-manager-of-aira-cooperative-after-the-retirement-of-daniel-ferreiro\/#primaryimage"},"thumbnailUrl":"https:\/\/www.aira.es\/wp-content\/uploads\/2025\/10\/Daniel-Ferreiro_Jose-Manuel-Lopez-Tellado_-Candido-Cancelo-Cabanas-scaled-1.jpg","datePublished":"2024-12-19T08:04:59+00:00","breadcrumb":{"@id":"https:\/\/www.aira.es\/en\/press\/candido-cancelo-new-general-manager-of-aira-cooperative-after-the-retirement-of-daniel-ferreiro\/#breadcrumb"},"inLanguage":"en-US","potentialAction":[{"@type":"ReadAction","target":["https:\/\/www.aira.es\/en\/press\/candido-cancelo-new-general-manager-of-aira-cooperative-after-the-retirement-of-daniel-ferreiro\/"]}]},{"@type":"ImageObject","inLanguage":"en-US","@id":"https:\/\/www.aira.es\/en\/press\/candido-cancelo-new-general-manager-of-aira-cooperative-after-the-retirement-of-daniel-ferreiro\/#primaryimage","url":"https:\/\/www.aira.es\/wp-content\/uploads\/2025\/10\/Daniel-Ferreiro_Jose-Manuel-Lopez-Tellado_-Candido-Cancelo-Cabanas-scaled-1.jpg","contentUrl":"https:\/\/www.aira.es\/wp-content\/uploads\/2025\/10\/Daniel-Ferreiro_Jose-Manuel-Lopez-Tellado_-Candido-Cancelo-Cabanas-scaled-1.jpg","width":2560,"height":1862},{"@type":"BreadcrumbList","@id":"https:\/\/www.aira.es\/en\/press\/candido-cancelo-new-general-manager-of-aira-cooperative-after-the-retirement-of-daniel-ferreiro\/#breadcrumb","itemListElement":[{"@type":"ListItem","position":1,"name":"Portada","item":"https:\/\/www.aira.es\/en\/"},{"@type":"ListItem","position":2,"name":"C\u00e1ndido Cancelo new general manager of AIRA Cooperative after the retirement of Daniel Ferreiro"}]},{"@type":"WebSite","@id":"https:\/\/www.aira.es\/en\/#website","url":"https:\/\/www.aira.es\/en\/","name":"Aira","description":"AIRA es el resultado de un proceso de integraci\u00f3n cooperativa iniciado en 2018, que supuso la fusi\u00f3n en una \u00fanica entidad jur\u00eddica de las cooperativas AGRIS, ICOS, COGASAR, COELPLAN y AIRA.","publisher":{"@id":"https:\/\/www.aira.es\/en\/#organization"},"potentialAction":[{"@type":"SearchAction","target":{"@type":"EntryPoint","urlTemplate":"https:\/\/www.aira.es\/en\/?s={search_term_string}"},"query-input":{"@type":"PropertyValueSpecification","valueRequired":true,"valueName":"search_term_string"}}],"inLanguage":"en-US"},{"@type":"Organization","@id":"https:\/\/www.aira.es\/en\/#organization","name":"Aira","url":"https:\/\/www.aira.es\/en\/","logo":{"@type":"ImageObject","inLanguage":"en-US","@id":"https:\/\/www.aira.es\/en\/#\/schema\/logo\/image\/","url":"https:\/\/www.aira.es\/wp-content\/uploads\/2025\/05\/logotipo-aira.svg","contentUrl":"https:\/\/www.aira.es\/wp-content\/uploads\/2025\/05\/logotipo-aira.svg","caption":"Aira"},"image":{"@id":"https:\/\/www.aira.es\/en\/#\/schema\/logo\/image\/"}},{"@type":"Person","@id":"https:\/\/www.aira.es\/en\/#\/schema\/person\/e29b515f84ee8e5c9fb7d3d7bdecf92c","name":"BaobabMarketing","image":{"@type":"ImageObject","inLanguage":"en-US","@id":"https:\/\/www.aira.es\/en\/#\/schema\/person\/image\/","url":"https:\/\/secure.gravatar.com\/avatar\/c02ce49264c2979a0a73558bb8a02074ff88902391559748135d08a325661f2c?s=96&d=mm&r=g","contentUrl":"https:\/\/secure.gravatar.com\/avatar\/c02ce49264c2979a0a73558bb8a02074ff88902391559748135d08a325661f2c?s=96&d=mm&r=g","caption":"BaobabMarketing"},"url":"https:\/\/www.aira.es\/en\/author\/baobabmarketing\/"}]}},"_links":{"self":[{"href":"https:\/\/www.aira.es\/en\/wp-json\/wp\/v2\/posts\/3761","targetHints":{"allow":["GET"]}}],"collection":[{"href":"https:\/\/www.aira.es\/en\/wp-json\/wp\/v2\/posts"}],"about":[{"href":"https:\/\/www.aira.es\/en\/wp-json\/wp\/v2\/types\/post"}],"author":[{"embeddable":true,"href":"https:\/\/www.aira.es\/en\/wp-json\/wp\/v2\/users\/2"}],"replies":[{"embeddable":true,"href":"https:\/\/www.aira.es\/en\/wp-json\/wp\/v2\/comments?post=3761"}],"version-history":[{"count":0,"href":"https:\/\/www.aira.es\/en\/wp-json\/wp\/v2\/posts\/3761\/revisions"}],"wp:featuredmedia":[{"embeddable":true,"href":"https:\/\/www.aira.es\/en\/wp-json\/wp\/v2\/media\/3763"}],"wp:attachment":[{"href":"https:\/\/www.aira.es\/en\/wp-json\/wp\/v2\/media?parent=3761"}],"wp:term":[{"taxonomy":"category","embeddable":true,"href":"https:\/\/www.aira.es\/en\/wp-json\/wp\/v2\/categories?post=3761"},{"taxonomy":"post_tag","embeddable":true,"href":"https:\/\/www.aira.es\/en\/wp-json\/wp\/v2\/tags?post=3761"}],"curies":[{"name":"wp","href":"https:\/\/api.w.org\/{rel}","templated":true}]}}